{"id":901,"date":"2024-10-14T09:23:08","date_gmt":"2024-10-14T07:23:08","guid":{"rendered":"http:\/\/malrauxbethune.net\/?p=901"},"modified":"2025-04-22T09:52:24","modified_gmt":"2025-04-22T07:52:24","slug":"le-mois-de-la-cybersecurite","status":"publish","type":"post","link":"https:\/\/malrauxbethune.net\/index.php\/2024\/10\/14\/le-mois-de-la-cybersecurite\/","title":{"rendered":"Le mois de la cybers\u00e9curit\u00e9"},"content":{"rendered":"\n<p>La sensibilisation des \u00e9l\u00e8ves  \u00e0 la s\u00e9curit\u00e9 num\u00e9rique r\u00e9pond \u00e0 un enjeu qui concerne chaque citoyen dans son quotidien. <\/p>\n\n\n\n<p>Nos \u00e9tudiants de BTS SIO participeront au Challenge national de cybers\u00e9curit\u00e9 lyc\u00e9en                         &#8220;Passe ton hack d&#8217;abord !&#8221; qui  a pour vocation d\u2019initier, notamment les filles, \u00e0 la cybers\u00e9curit\u00e9 en compl\u00e9ment des programmes scolaires et de stimuler leur int\u00e9r\u00eat pour ce domaine et ses m\u00e9tiers. Il est co-organis\u00e9 par le Commandement de la cyberd\u00e9fense(COMCYBER) et la Direction g\u00e9n\u00e9rale de l&#8217;enseignement scolaire (Dgesco) du minist\u00e8re de l\u2019\u00c9ducation nationale et de la Jeunesse.<br><br>\u00a0<br><\/p>\n\n\n\n<figure class=\"wp-block-gallery has-nested-images columns-default is-cropped wp-block-gallery-1 is-layout-flex wp-block-gallery-is-layout-flex\">\n<figure class=\"wp-block-image size-large\"><img loading=\"lazy\" decoding=\"async\" width=\"1024\" height=\"576\" data-id=\"902\" src=\"http:\/\/malrauxbethune.net\/wp-content\/uploads\/2024\/10\/Passe-ton-hack-illustration-1024x576.png\" alt=\"\" class=\"wp-image-902\" srcset=\"https:\/\/malrauxbethune.net\/wp-content\/uploads\/2024\/10\/Passe-ton-hack-illustration-1024x576.png 1024w, https:\/\/malrauxbethune.net\/wp-content\/uploads\/2024\/10\/Passe-ton-hack-illustration-300x169.png 300w, https:\/\/malrauxbethune.net\/wp-content\/uploads\/2024\/10\/Passe-ton-hack-illustration-768x432.png 768w, https:\/\/malrauxbethune.net\/wp-content\/uploads\/2024\/10\/Passe-ton-hack-illustration-1360x765.png 1360w, https:\/\/malrauxbethune.net\/wp-content\/uploads\/2024\/10\/Passe-ton-hack-illustration.png 1500w\" sizes=\"auto, (max-width: 1024px) 100vw, 1024px\" \/><\/figure>\n<\/figure>\n","protected":false},"excerpt":{"rendered":"<p>La sensibilisation des \u00e9l\u00e8ves \u00e0 la s\u00e9curit\u00e9 num\u00e9rique r\u00e9pond \u00e0 un enjeu qui concerne chaque citoyen dans son quotidien. Nos \u00e9tudiants de BTS SIO participeront au Challenge national de cybers\u00e9curit\u00e9 lyc\u00e9en &#8220;Passe ton hack d&#8217;abord !&#8221; qui a pour vocation d\u2019initier, notamment [&hellip;]<\/p>\n","protected":false},"author":1,"featured_media":0,"comment_status":"closed","ping_status":"closed","sticky":false,"template":"","format":"standard","meta":{"footnotes":""},"categories":[6],"tags":[],"class_list":["post-901","post","type-post","status-publish","format-standard","hentry","category-vie-de-letablissement"],"_links":{"self":[{"href":"https:\/\/malrauxbethune.net\/index.php\/wp-json\/wp\/v2\/posts\/901","targetHints":{"allow":["GET"]}}],"collection":[{"href":"https:\/\/malrauxbethune.net\/index.php\/wp-json\/wp\/v2\/posts"}],"about":[{"href":"https:\/\/malrauxbethune.net\/index.php\/wp-json\/wp\/v2\/types\/post"}],"author":[{"embeddable":true,"href":"https:\/\/malrauxbethune.net\/index.php\/wp-json\/wp\/v2\/users\/1"}],"replies":[{"embeddable":true,"href":"https:\/\/malrauxbethune.net\/index.php\/wp-json\/wp\/v2\/comments?post=901"}],"version-history":[{"count":1,"href":"https:\/\/malrauxbethune.net\/index.php\/wp-json\/wp\/v2\/posts\/901\/revisions"}],"predecessor-version":[{"id":903,"href":"https:\/\/malrauxbethune.net\/index.php\/wp-json\/wp\/v2\/posts\/901\/revisions\/903"}],"wp:attachment":[{"href":"https:\/\/malrauxbethune.net\/index.php\/wp-json\/wp\/v2\/media?parent=901"}],"wp:term":[{"taxonomy":"category","embeddable":true,"href":"https:\/\/malrauxbethune.net\/index.php\/wp-json\/wp\/v2\/categories?post=901"},{"taxonomy":"post_tag","embeddable":true,"href":"https:\/\/malrauxbethune.net\/index.php\/wp-json\/wp\/v2\/tags?post=901"}],"curies":[{"name":"wp","href":"https:\/\/api.w.org\/{rel}","templated":true}]}}