{"id":775,"date":"2024-05-21T11:05:19","date_gmt":"2024-05-21T09:05:19","guid":{"rendered":"http:\/\/malrauxbethune.net\/?p=775"},"modified":"2024-06-10T08:05:49","modified_gmt":"2024-06-10T06:05:49","slug":"des-pulls-a-leffigie-des-lycees-andre-malraux","status":"publish","type":"post","link":"https:\/\/malrauxbethune.net\/index.php\/2024\/05\/21\/des-pulls-a-leffigie-des-lycees-andre-malraux\/","title":{"rendered":"Des pulls \u00e0 l&#8217;effigie des lyc\u00e9es Andr\u00e9 Malraux"},"content":{"rendered":"\n<p>Les \u00e9l\u00e8ves du CVL organisent une vente de <strong>pulls floqu\u00e9s \u00e0 l&#8217;effigie des lyc\u00e9es Andr\u00e9 Malraux<\/strong> !&nbsp;<\/p>\n\n\n\n<p>Ces pulls, <strong>floqu\u00e9s par une entreprise locale<\/strong>, sont vendus au prix de <strong>25 euros l&#8217;unit\u00e9<\/strong> et sont disponibles en trois couleurs (taille allant du S au XL) :&nbsp;<\/p>\n\n\n\n<p>&#8211; Noir<\/p>\n\n\n\n<p>&#8211; Bleu<\/p>\n\n\n\n<p>&#8211; Rouge&nbsp;<\/p>\n\n\n\n<p>Vous pouvez m\u00eame demander un<strong> flocage personnalis\u00e9 au dos du pull (+3 euros)<\/strong>.&nbsp;<\/p>\n\n\n\n<p>Si vous souhaitez en commander un, vous pouvez soit r\u00e9cup\u00e9rer aupr\u00e8s de la vie scolaire un bon de commande soit l&#8217;imprimer (bon de commande en pi\u00e8ce jointe).&nbsp;<\/p>\n\n\n\n<p>Les<strong> bons de commande sont \u00e0 ramener au bureau de la vie scolaire<\/strong> accompagn\u00e9s d&#8217;un ch\u00e8que correspondant au montant exact de la commande. Ch\u00e8que \u00e0 l&#8217;ordre de l&#8217;<em>Association des Lyc\u00e9ens de Malraux<\/em>. <strong>Paiement par ch\u00e8que uniquement<\/strong>.&nbsp;<\/p>\n\n\n\n<p>Tous les b\u00e9n\u00e9fices seront bien \u00e9videmment revers\u00e9s \u00e0 l&#8217;ADLM et serviront \u00e0 proposer des actions \u00e0 destination des \u00e9l\u00e8ves d\u00e8s l&#8217;ann\u00e9e prochaine.&nbsp;<\/p>\n\n\n\n<p>Alors n&#8217;h\u00e9sitez plus, achetez un pull \u00e0 l&#8217;effigie de notre \u00e9tablissement !!!&nbsp;<\/p>\n\n\n\n<p>Vous trouverez ci-joint un visuel pour les pulls et leurs coloris.&nbsp;<\/p>\n\n\n\n<p>Les \u00e9l\u00e8ves du CVL du lyc\u00e9e Andr\u00e9 Malraux\u00a0<\/p>\n\n\n\n<figure class=\"wp-block-image size-large\"><img loading=\"lazy\" decoding=\"async\" width=\"1024\" height=\"578\" src=\"http:\/\/malrauxbethune.net\/wp-content\/uploads\/2024\/05\/Pull-lycee-A-Malraux-1024x578.png\" alt=\"\" class=\"wp-image-776\" srcset=\"https:\/\/malrauxbethune.net\/wp-content\/uploads\/2024\/05\/Pull-lycee-A-Malraux-1024x578.png 1024w, https:\/\/malrauxbethune.net\/wp-content\/uploads\/2024\/05\/Pull-lycee-A-Malraux-300x169.png 300w, https:\/\/malrauxbethune.net\/wp-content\/uploads\/2024\/05\/Pull-lycee-A-Malraux-768x433.png 768w, https:\/\/malrauxbethune.net\/wp-content\/uploads\/2024\/05\/Pull-lycee-A-Malraux-1356x765.png 1356w, https:\/\/malrauxbethune.net\/wp-content\/uploads\/2024\/05\/Pull-lycee-A-Malraux.png 1384w\" sizes=\"auto, (max-width: 1024px) 100vw, 1024px\" \/><\/figure>\n\n\n\n<figure class=\"wp-block-image size-large\"><img loading=\"lazy\" decoding=\"async\" width=\"1024\" height=\"585\" src=\"http:\/\/malrauxbethune.net\/wp-content\/uploads\/2024\/05\/Pull-lycee-A-Malraux1-1024x585.png\" alt=\"\" class=\"wp-image-777\" srcset=\"https:\/\/malrauxbethune.net\/wp-content\/uploads\/2024\/05\/Pull-lycee-A-Malraux1-1024x585.png 1024w, https:\/\/malrauxbethune.net\/wp-content\/uploads\/2024\/05\/Pull-lycee-A-Malraux1-300x171.png 300w, https:\/\/malrauxbethune.net\/wp-content\/uploads\/2024\/05\/Pull-lycee-A-Malraux1-768x438.png 768w, https:\/\/malrauxbethune.net\/wp-content\/uploads\/2024\/05\/Pull-lycee-A-Malraux1-1340x765.png 1340w, https:\/\/malrauxbethune.net\/wp-content\/uploads\/2024\/05\/Pull-lycee-A-Malraux1.png 1382w\" sizes=\"auto, (max-width: 1024px) 100vw, 1024px\" \/><\/figure>\n\n\n\n<figure class=\"wp-block-image size-large\"><img loading=\"lazy\" decoding=\"async\" width=\"724\" height=\"1024\" src=\"http:\/\/malrauxbethune.net\/wp-content\/uploads\/2024\/05\/Affiche-sweats-CVL-Malraux-23-24_page-0001-724x1024.jpg\" alt=\"\" class=\"wp-image-778\" srcset=\"https:\/\/malrauxbethune.net\/wp-content\/uploads\/2024\/05\/Affiche-sweats-CVL-Malraux-23-24_page-0001-724x1024.jpg 724w, https:\/\/malrauxbethune.net\/wp-content\/uploads\/2024\/05\/Affiche-sweats-CVL-Malraux-23-24_page-0001-212x300.jpg 212w, https:\/\/malrauxbethune.net\/wp-content\/uploads\/2024\/05\/Affiche-sweats-CVL-Malraux-23-24_page-0001-768x1086.jpg 768w, https:\/\/malrauxbethune.net\/wp-content\/uploads\/2024\/05\/Affiche-sweats-CVL-Malraux-23-24_page-0001-1086x1536.jpg 1086w, https:\/\/malrauxbethune.net\/wp-content\/uploads\/2024\/05\/Affiche-sweats-CVL-Malraux-23-24_page-0001-541x765.jpg 541w, https:\/\/malrauxbethune.net\/wp-content\/uploads\/2024\/05\/Affiche-sweats-CVL-Malraux-23-24_page-0001.jpg 1241w\" sizes=\"auto, (max-width: 724px) 100vw, 724px\" \/><\/figure>\n","protected":false},"excerpt":{"rendered":"<p>Les \u00e9l\u00e8ves du CVL organisent une vente de pulls floqu\u00e9s \u00e0 l&#8217;effigie des lyc\u00e9es Andr\u00e9 Malraux !&nbsp; Ces pulls, floqu\u00e9s par une entreprise locale, sont vendus au prix de 25 euros l&#8217;unit\u00e9 et sont disponibles en trois couleurs (taille allant du S [&hellip;]<\/p>\n","protected":false},"author":1,"featured_media":0,"comment_status":"closed","ping_status":"closed","sticky":false,"template":"","format":"standard","meta":{"footnotes":""},"categories":[1],"tags":[],"class_list":["post-775","post","type-post","status-publish","format-standard","hentry","category-non-classe"],"_links":{"self":[{"href":"https:\/\/malrauxbethune.net\/index.php\/wp-json\/wp\/v2\/posts\/775","targetHints":{"allow":["GET"]}}],"collection":[{"href":"https:\/\/malrauxbethune.net\/index.php\/wp-json\/wp\/v2\/posts"}],"about":[{"href":"https:\/\/malrauxbethune.net\/index.php\/wp-json\/wp\/v2\/types\/post"}],"author":[{"embeddable":true,"href":"https:\/\/malrauxbethune.net\/index.php\/wp-json\/wp\/v2\/users\/1"}],"replies":[{"embeddable":true,"href":"https:\/\/malrauxbethune.net\/index.php\/wp-json\/wp\/v2\/comments?post=775"}],"version-history":[{"count":1,"href":"https:\/\/malrauxbethune.net\/index.php\/wp-json\/wp\/v2\/posts\/775\/revisions"}],"predecessor-version":[{"id":779,"href":"https:\/\/malrauxbethune.net\/index.php\/wp-json\/wp\/v2\/posts\/775\/revisions\/779"}],"wp:attachment":[{"href":"https:\/\/malrauxbethune.net\/index.php\/wp-json\/wp\/v2\/media?parent=775"}],"wp:term":[{"taxonomy":"category","embeddable":true,"href":"https:\/\/malrauxbethune.net\/index.php\/wp-json\/wp\/v2\/categories?post=775"},{"taxonomy":"post_tag","embeddable":true,"href":"https:\/\/malrauxbethune.net\/index.php\/wp-json\/wp\/v2\/tags?post=775"}],"curies":[{"name":"wp","href":"https:\/\/api.w.org\/{rel}","templated":true}]}}